{"id":2329,"date":"2020-05-20T11:42:21","date_gmt":"2020-05-20T09:42:21","guid":{"rendered":"https:\/\/ksiegi-wieczyste.org\/?p=2329"},"modified":"2024-03-19T16:51:54","modified_gmt":"2024-03-19T15:51:54","slug":"wzrost-oplat-za-wywoz-smieci-od-2020-r","status":"publish","type":"post","link":"https:\/\/ksiegiwieczyste.pl\/czytaj\/wzrost-oplat-za-wywoz-smieci-od-2020-r\/","title":{"rendered":"Wzrost op\u0142at za wyw\u00f3z \u015bmieci od 2020 r."},"content":{"rendered":"<p><strong>Z pocz\u0105tkiem 2020 r. w wielu gminach Polski dosz\u0142o do znacznych podwy\u017cek za wyw\u00f3z \u015bmieci. Co prawda od jakiego\u015b czasu mo\u017cna si\u0119 by\u0142o spodziewa\u0107 podwy\u017cki op\u0142at za utrzymanie czysto\u015bci w gminach, jednak\u017ce nikt nie przypuszcza\u0142, \u017ce b\u0119d\u0105 one tak znaczne i dotkliwe dla wielu rodzin. <\/strong><\/p>\n<p><!--more--><\/p>\n<p class=\"pro-tip2\" style=\"text-align: center;\"><b>Szukasz numeru ksi\u0119gi wieczystej?<\/b><br \/>\nZnajd\u017a go na podstawie adresu nieruchomo\u015bci lub numeru dzia\u0142ki:<br \/>\n<span data-part=\"_4311\">Wejd\u017a na Ksiegiwieczyste.pl<\/span><br \/>\n<b>Sprawd\u017a, jakie to proste!<\/b><\/p>\n<p>Jednym z wielu powod\u00f3w maj\u0105cych wp\u0142yw na podwy\u017ck\u0119 op\u0142at za wyw\u00f3z \u015bmieci by\u0142o m.in. wprowadzenie w \u017cycie ustawy o utrzymaniu czysto\u015bci i porz\u0105dku w gminach, kt\u00f3ra to ustawa zobowi\u0105zywa\u0142a wszystkich \u201eproducent\u00f3w\u201d \u015bmieci do ich do segregacji na kilka frakcji.<\/p>\n<p>Od 2013 r. istnia\u0142a w Polsce ustawa, kt\u00f3ra wprowadzi\u0142a obowi\u0105zek segregacji \u015bmieci, jednak\u017ce z uwagi na mo\u017cliwo\u015b\u0107 wyboru czy segregowa\u0107 czy te\u017c nie, wiele gmin \u201eodpu\u015bci\u0142o\u201d sobie ten temat, zw\u0142aszcza \u017ce przy braku segregacji gminy mog\u0142y nak\u0142ada\u0107 na mieszka\u0144c\u00f3w wy\u017csze stawki.<\/p>\n<p>Pomimo, i\u017c wi\u0119kszo\u015b\u0107 gmin popiera\u0142a segregacj\u0119 \u015bmieci to jednak z braku przepis\u00f3w szczeg\u00f3\u0142owych jednolitych dla ca\u0142ego kraju segregacja \u015bmieci w dalszym ci\u0105gu kula\u0142a.\u00a0Dopiero wprowadzenie w \u017cycie nowelizacji ustawy z dnia 13 wrze\u015bnia 1996 r. o\u00a0utrzymaniu czysto\u015bci i porz\u0105dku w gminach (tj. Dz.U. z\u00a02019 r. poz. 2010; ost. zm. Dz.U. z 2019 r. poz. 2020), po zmianach wprowadzonych nowelizacj\u0105 z\u00a019 lipca 2019 r. (Dz.U. z\u00a02019 r. poz. 1579), <strong>wymusi\u0142o na gminach obowi\u0105zek segregacji \u015bmieci w takim czasie i w taki spos\u00f3b, aby w 2020 r. wdro\u017cy\u0107 w \u017cycie segregacj\u0119 odpad\u00f3w przemys\u0142owych na 5 frakcji<\/strong>.<\/p>\n<h2>Przyczyny wzrostu cen za wyw\u00f3z \u015bmieci<\/h2>\n<p>Zgodnie z zapisami znowelizowanej ustawy z dnia 19 lipca 2019 r., utrzymanie czysto\u015bci i porz\u0105dku na terenie gminy nale\u017cy do zada\u0144 w\u0142asnych gminy.\u00a0W zakresie utrzymania czysto\u015bci gmina zosta\u0142a zobowi\u0105zana do:<\/p>\n<ul>\n<li>zapewnienia warunk\u00f3w utrzymania czysto\u015bci i porz\u0105dku w gminie,<\/li>\n<li>zapewnienie selektywnej zbi\u00f3rki odpad\u00f3w,<\/li>\n<li>prowadzenia dzia\u0142a\u0144 informacyjnych dla mieszka\u0144c\u00f3w.<\/li>\n<\/ul>\n<h3>Wzrost koszt\u00f3w jednostkowych<\/h3>\n<p>W ramach ustawowo okre\u015blonych zada\u0144 w\u0142asnych <strong>do obowi\u0105zk\u00f3w Rady Gminy nale\u017cy ustalenie stawki za zagospodarowanie odpad\u00f3w komunalnych<\/strong>.\u00a0Rada Gminy ustala wysoko\u015b\u0107 stawki za zagospodarowania odpad\u00f3w komunalnych w oparciu o kalkulacj\u0119 koszt\u00f3w jednostkowych.\u00a0Ustalona przez Rad\u0119 Gminy stawka jednostkowa za zagospodarowanie odpad\u00f3w komunalnych stanowi jeden z element\u00f3w b\u0119d\u0105cy podstaw\u0105 do uruchomienia post\u0119powania przetargowego na prace zwi\u0105zane z zagospodarowaniem i wywozem odpad\u00f3w komunalnych z obszaru gminy.<\/p>\n<p>Do koszt\u00f3w jednostkowych maj\u0105cych wp\u0142yw na wysoko\u015b\u0107 stawki op\u0142aty za wyw\u00f3z odpad\u00f3w komunalnych nale\u017c\u0105:<\/p>\n<ul>\n<li>koszt zakupu nowych pojemnik\u00f3w na odpady komunalne, kt\u00f3re zgodnie z wymogami ustawy powinny by\u0107 wykonane w \u015bci\u015ble okre\u015blonych kolorach &#8211; segregacja na 5 frakcji,<\/li>\n<li>koszty paliw,<\/li>\n<li>robocizna &#8211; koszty zwi\u0105zane z rosn\u0105ca w 2019 r. p\u0142ac\u0105 minimaln\u0105,<\/li>\n<li>wzrost p\u0142ac z tyt. konieczno\u015bci dodatkowych prac zwi\u0105zanych ze sprawozdawczo\u015bci\u0105,<\/li>\n<li>wzrost cen energii,<\/li>\n<li>wzrost op\u0142aty marsza\u0142kowskiej za sk\u0142adowanie \u015bmieci.<\/li>\n<\/ul>\n<h3>Segregacja odpad\u00f3w na 5 frakcji<\/h3>\n<p>Wraz z wej\u015bciem w \u017cycie znowelizowanej ustawy z dnia 13 wrze\u015bnia 1996 o utrzymaniu czysto\u015bci i porz\u0105dku w gminach, prowadzenie racjonalnej gospodarki odpadami komunalnymi wi\u0105\u017ce si\u0119 z konieczno\u015bci\u0105 segregacji odpad\u00f3w na 5 frakcji.\u00a0<strong>Ka\u017cda frakcja odpadu powinna zosta\u0107 wyrzucona do pojemnika o odpowiednim kolorze<\/strong>. Dla kraj\u00f3w unii Europejskiej okre\u015blono frakcje odpad\u00f3w i skojarzono je z konkretnymi kolorami pojemnik\u00f3w. I tak:<\/p>\n<ul>\n<li>pojemnik w kolorze niebieskim zosta\u0142 przeznaczony na zbi\u00f3rk\u0119 papieru, napis na pojemniku &#8211; \u201ePapier\u201d,<\/li>\n<li>pojemnik w kolorze zielonym zosta\u0142 przeznaczony na zbi\u00f3rk\u0119 szklanych opakowa\u0144, napis na pojemniku &#8211; \u201eSzk\u0142o\u201d,<\/li>\n<li>pojemnik w kolorze \u017c\u00f3\u0142tym zosta\u0142 przeznaczony na zbi\u00f3rk\u0119 metali, plastiku i opakowa\u0144 wielomateria\u0142owych, napis na pojemniku \u201eMetale i tworzywa sztuczne\u201d,<\/li>\n<li>pojemnik w kolorze br\u0105zowym zosta\u0142 przeznaczony na zbi\u00f3rk\u0119 odpad\u00f3w biodegradowalnych (z gospodarstw domowych),\u00a0napis na pojemniku &#8222;Bio&#8221;,<\/li>\n<li>pojemnik w kolorze czarnym zosta\u0142 przeznaczony na zbi\u00f3rk\u0119\u00a0odpad\u00f3w zmieszanych (niedaj\u0105cych si\u0119 przypisa\u0107 do \u017cadnej z powy\u017cszych frakcji),\u00a0napis na pojemniku &#8222;Odpady zmieszane&#8221;.<\/li>\n<\/ul>\n<p>Pomimo, \u017ce ca\u0142kowita wymiana kontener\u00f3w na odpady komunalne ma nast\u0105pi\u0107 do ko\u0144ca czerwca 2022 r., to jednak ka\u017cda wymieniona ilo\u015b\u0107 pojemnik\u00f3w wi\u0105\u017ce si\u0119 z wydatkowaniem przez gminy znacznej kwoty pieni\u0119dzy, a to w konsekwencji przyczynia si\u0119 do wzrostu op\u0142aty za wyw\u00f3z odpad\u00f3w komunalnych.<\/p>\n<h3>Wzrost koszt\u00f3w transportu<\/h3>\n<p>Istotn\u0105 cz\u0119\u015bci\u0105 koszt\u00f3w, jak\u0105 gminy musz\u0105 ponosi\u0107 przy zagospodarowaniu odpad\u00f3w komunalnych, s\u0105 <strong>koszty transportu, kt\u00f3rych wysoko\u015b\u0107 jest uzale\u017cniona nie tylko od ceny paliwa, ale przede wszystkim od odleg\u0142o\u015bci do miejsc sk\u0142adowania tych odpad\u00f3w<\/strong>.\u00a0Dodatkowo na wzrost koszt\u00f3w transportu ma wp\u0142yw selektywna zbi\u00f3rka odpad\u00f3w, kt\u00f3ra wymusza na firmach <strong>zwi\u0119kszenie cz\u0119sto\u015bci odbioru odpad\u00f3w komunalnych<\/strong> od mieszka\u0144c\u00f3w.<\/p>\n<p>Pomimo, \u017ce zgodnie z zasad\u0105 unijn\u0105, odpady komunalne maj\u0105 by\u0107 zagospodarowane zgodnie z zasad\u0105 blisko\u015bci przy jednoczesnym zniesieniu regionalizacji, to cz\u0119sto zasada ta nie jest realizowana w praktyce.\u00a0Gminy cz\u0119sto nie posiadaj\u0105 swoich sortowni odpad\u00f3w b\u0105d\u017a wysypisk \u015bmieci i w\u00f3wczas odebrane od mieszka\u0144c\u00f3w odpady musz\u0105 by\u0107 przewiezione na znaczne odleg\u0142o\u015bci. Przyczyn takiego dzia\u0142ania nale\u017cy szuka\u0107 m.in. w braku dostatecznych miejsc do utylizacji odpad\u00f3w komunalnych oraz wysypisk \u015bmieci.<\/p>\n<h3>Wzrost p\u0142acy minimalnej<\/h3>\n<p>Istotnym elementem koszt\u00f3w zwi\u0105zanych z segregacj\u0105 i wywozem odpad\u00f3w komunalnych jest p\u0142aca minimalna, kt\u00f3ra w ostatnim czasie uleg\u0142a znacznemu podwy\u017cszeniu. Wzrost p\u0142acy wymusi\u0142 wzrost p\u0142acy brutto, co w konsekwencji mia\u0142o istotny wp\u0142yw na wzrost stawki op\u0142aty za wyw\u00f3z i zagospodarowanie odpad\u00f3w komunalnych.<\/p>\n<h3>Op\u0142ata \u015brodowiskowa<\/h3>\n<p>Wysoko\u015b\u0107 stawki op\u0142aty za wyw\u00f3z odpad\u00f3w komunalnych jest r\u00f3wnie\u017c uzale\u017cniona <strong>od<\/strong> <strong>wysoko\u015bci op\u0142aty \u015brodowiskowej<\/strong>, jak\u0105 gminy s\u0105 zobowi\u0105zane odprowadza\u0107 na rachunek w\u0142a\u015bciwego urz\u0119du marsza\u0142kowskiego za korzystanie ze \u015brodowiska.<\/p>\n<h3>Brak konkurencji<\/h3>\n<p>W kwestii op\u0142at za wyw\u00f3z \u015bmieci wypowiedzia\u0142 si\u0119 Urz\u0105d Ochrony Konkurencji i Konsument\u00f3w (UOKiK), kt\u00f3ry w swoim raporcie wskaza\u0142, \u017ce g\u0142\u00f3wn\u0105 przyczyn\u0105 znacznych podwy\u017cek op\u0142at za segregacj\u0119 i wyw\u00f3z \u015bmieci jest <strong>brak firm, kt\u00f3re mog\u0142yby ze sob\u0105 konkurowa\u0107<\/strong>. Na organizowane w gminach przetargi na segregacj\u0119 i wyw\u00f3z \u015bmieci przyst\u0119puje cz\u0119sto tylko jedna firma, a proponowana przez ni\u0105 stawka nie zawsze jest najkorzystniejsz\u0105 (najni\u017csz\u0105) na rynku. Gminy nie maj\u0105c wyboru musz\u0105 godzi\u0107 si\u0119 na proponowane ceny nawet, je\u017celi nie nale\u017c\u0105 one do najni\u017cszych.<\/p>\n<p style=\"text-align: center;\">Przeczytaj:\u00a0<a href=\"https:\/\/ksiegi-wieczyste.org\/nowe-zasady-segregacji-smieci-jak-robic-to-prawidlowo\/\" target=\"_blank\" rel=\"noopener\">Nowe zasady segregacji \u015bmieci &#8211; jak robi\u0107 to prawid\u0142owo<\/a><\/p>\n<h2>Nowe stawki za odbi\u00f3r odpad\u00f3w &#8211; obowi\u0105zuj\u0105ce stawki op\u0142at w wybranych miastach<\/h2>\n<p>W Polsce stawki za zagospodarowanie i wyw\u00f3z odpad\u00f3w komunalnych w wielu miastach r\u00f3\u017cni\u0105 si\u0119 od siebie. Obecnie <strong>stawki za odpady segregowane wahaj\u0105 si\u0119 od 18 z\u0142 od osoby za miesi\u0105c do nawet 32 z\u0142 od osoby za miesi\u0105c<\/strong>. I tak np. od stycznia 2020 r. op\u0142aty za wyw\u00f3z \u015bmieci w kilku wybranych miastach Polski wynosz\u0105:<\/p>\n<ul>\n<li>Che\u0142m &#8211; ok. 20 z\u0142 miesi\u0119cznie za osob\u0119 (wzrost o 9 z\u0142),<\/li>\n<li>Katowice &#8211; ok. 21,30 z\u0142 miesi\u0119cznie za osob\u0119 (wzrost o 7,30 z\u0142),<\/li>\n<li>Kielce &#8211; ok. 20 z\u0142 miesi\u0119cznie za osob\u0119 (wzrost o 10,50 z\u0142),<\/li>\n<li>Leszno &#8211; ok. 24 z\u0142 miesi\u0119cznie za osob\u0119 (wzrost o 8,50 z\u0142),<\/li>\n<li>Malbork &#8211; ok. 20 z\u0142 miesi\u0119cznie za osob\u0119 (wzrost o 6,50 z\u0142),<\/li>\n<li>Radomsko &#8211; ok. 16 z\u0142 miesi\u0119cznie za osob\u0119 (wzrost o 5,50 z\u0142),<\/li>\n<li>Sosnowiec &#8211; ok. 17 z\u0142 miesi\u0119cznie za osob\u0119 (wzrost o 6 z\u0142),<\/li>\n<li>Wa\u0142brzych &#8211; ok. 27 z\u0142 miesi\u0119cznie za osob\u0119 (wzrost o 5 z\u0142).<\/li>\n<\/ul>\n<p><strong>Wskazane stawki odnosz\u0105 si\u0119 do op\u0142at za \u015bmieci segregowane<\/strong>. Mieszka\u0144cy, kt\u00f3rzy nie segreguj\u0105 \u015bmieci w wi\u0119kszo\u015bci gmin p\u0142ac\u0105 obecnie kilka razy wi\u0119cej (nawet cztery razy wi\u0119cej).<br \/>\nJak wynika z raportu UOKiK, wzrost op\u0142at p\u0142aconych przez mieszka\u0144c\u00f3w za odbi\u00f3r \u015bmieci rozpocz\u0105\u0142 si\u0119 w 2017 r., a potem z roku na rok by\u0142 coraz wi\u0119kszy.\u00a0W latach 2018-2019 ponad 60% gmin podnios\u0142o op\u0142aty za zagospodarowanie i wyw\u00f3z odpad\u00f3w komunalnych.<\/p>\n<p>Wed\u0142ug danych UOKiK <strong>najwy\u017csze stawki za wyw\u00f3z \u015bmieci obowi\u0105zuj\u0105 w woj. mazowieckim<\/strong>, gdzie mieszka\u0144cy b\u0119d\u0105 musieli p\u0142aci\u0107 32 z\u0142 za odpady segregowane, a 65 z\u0142 lub 63 z\u0142 za odpady niesegregowane.\u00a0Najni\u017csze stawki za wyw\u00f3z odpad\u00f3w komunalnych zosta\u0142y zarejestrowane w Bia\u0142ymstoku (5 z\u0142 i 11 z\u0142) oraz w Stalowej Woli (6 i 12 z\u0142).<\/p>\n<p>Niekt\u00f3rzy mieszka\u0144cy, kt\u00f3rzy zobowi\u0105\u017c\u0105 si\u0119 na pi\u015bmie do kompostowania bioodpad\u00f3w, mog\u0105 liczy\u0107 na zmniejszenie stawki op\u0142aty za segregacje i wyw\u00f3z odpad\u00f3w komunalnych. Musz\u0105 jednak pami\u0119ta\u0107, \u017ce kompostowanie mo\u017ce by\u0107 przedmiotem kontroli urz\u0119dnik\u00f3w odpowiedzialnych za segregacj\u0119 odpad\u00f3w komunalnych w gminie. W przypadku stwierdzenia przez komisj\u0119 braku kompostownika, \u201enieuczciwy\u201d mieszkaniec traci prawo do zwolnienia (Art. 4a).<\/p>\n<p>Wskazane wy\u017cej wzrosty cen jednostkowych staj\u0105 si\u0119 ogromnym obci\u0105\u017ceniem dla wielu gospodarstw domowych.\u00a0Wielokrotny wzrost stawek za zagospodarowanie i wyw\u00f3z odpad\u00f3w komunalnych mo\u017ce przynie\u015b\u0107 skutki odwrotne do oczekiwanych. Mo\u017ce si\u0119 bowiem okaza\u0107, \u017ce w lasach na i polach znowu pojawi\u0105 si\u0119 sterty \u015bmieci i innych odpad\u00f3w niebezpiecznych.<\/p>\n<p>Podstawa prawna:<\/p>\n<ol>\n<li>Obwieszczenie Ministra \u015arodowiska z dnia 7 pa\u017adziernika 2019 r. w sprawie og\u0142oszenia jednolitego tekstu rozporz\u0105dzenia Ministra \u015arodowiska w sprawie szczeg\u00f3\u0142owego sposobu selektywnego zbierania wybranych frakcji odpad\u00f3w Dz.U. 2019 poz. 2028.<\/li>\n<li>Rozporz\u0105dzenie Ministra \u015arodowiska z dnia 29 grudnia 2016 r. w sprawie szczeg\u00f3\u0142owego sposobu selektywnego zbierania wybranych frakcji odpad\u00f3w.<\/li>\n<li>\u0179r\u00f3d\u0142o danych: UOKiK: \u201eRaport z badania rynku us\u0142ug zwi\u0105zanych z gospodarowaniem odpadami komunalnymi w gminach miejskich w latach 2014-2019&#8243;.<\/li>\n<\/ol>\n<p>Zdj\u0119cie: Unsplash.com<\/p>\n","protected":false},"excerpt":{"rendered":"<p>Z pocz\u0105tkiem 2020 r. w wielu gminach Polski dosz\u0142o do znacznych podwy\u017cek za wyw\u00f3z \u015bmieci. Co prawda od jakiego\u015b czasu mo\u017cna si\u0119 by\u0142o spodziewa\u0107 podwy\u017cki op\u0142at za utrzymanie czysto\u015bci w gminach, jednak\u017ce nikt nie przypuszcza\u0142, \u017ce b\u0119d\u0105 one tak znaczne [&hellip;]<\/p>\n","protected":false},"author":1,"featured_media":2334,"comment_status":"open","ping_status":"open","sticky":false,"template":"","format":"standard","meta":{"footnotes":""},"categories":[6],"tags":[55],"class_list":["post-2329","post","type-post","status-publish","format-standard","has-post-thumbnail","hentry","category-aktualnosci","tag-zmiany-w-przepisach"],"aioseo_notices":[],"_links":{"self":[{"href":"https:\/\/ksiegiwieczyste.pl\/czytaj\/wp-json\/wp\/v2\/posts\/2329","targetHints":{"allow":["GET"]}}],"collection":[{"href":"https:\/\/ksiegiwieczyste.pl\/czytaj\/wp-json\/wp\/v2\/posts"}],"about":[{"href":"https:\/\/ksiegiwieczyste.pl\/czytaj\/wp-json\/wp\/v2\/types\/post"}],"author":[{"embeddable":true,"href":"https:\/\/ksiegiwieczyste.pl\/czytaj\/wp-json\/wp\/v2\/users\/1"}],"replies":[{"embeddable":true,"href":"https:\/\/ksiegiwieczyste.pl\/czytaj\/wp-json\/wp\/v2\/comments?post=2329"}],"version-history":[{"count":7,"href":"https:\/\/ksiegiwieczyste.pl\/czytaj\/wp-json\/wp\/v2\/posts\/2329\/revisions"}],"predecessor-version":[{"id":3472,"href":"https:\/\/ksiegiwieczyste.pl\/czytaj\/wp-json\/wp\/v2\/posts\/2329\/revisions\/3472"}],"wp:featuredmedia":[{"embeddable":true,"href":"https:\/\/ksiegiwieczyste.pl\/czytaj\/wp-json\/wp\/v2\/media\/2334"}],"wp:attachment":[{"href":"https:\/\/ksiegiwieczyste.pl\/czytaj\/wp-json\/wp\/v2\/media?parent=2329"}],"wp:term":[{"taxonomy":"category","embeddable":true,"href":"https:\/\/ksiegiwieczyste.pl\/czytaj\/wp-json\/wp\/v2\/categories?post=2329"},{"taxonomy":"post_tag","embeddable":true,"href":"https:\/\/ksiegiwieczyste.pl\/czytaj\/wp-json\/wp\/v2\/tags?post=2329"}],"curies":[{"name":"wp","href":"https:\/\/api.w.org\/{rel}","templated":true}]}}