{"id":2298,"date":"2020-03-05T18:47:35","date_gmt":"2020-03-05T17:47:35","guid":{"rendered":"https:\/\/ksiegi-wieczyste.org\/?p=2298"},"modified":"2024-03-20T09:06:31","modified_gmt":"2024-03-20T08:06:31","slug":"nowe-zasady-segregacji-smieci-jak-robic-to-prawidlowo","status":"publish","type":"post","link":"https:\/\/ksiegiwieczyste.pl\/czytaj\/nowe-zasady-segregacji-smieci-jak-robic-to-prawidlowo\/","title":{"rendered":"Nowe zasady segregacji \u015bmieci &#8211; jak robi\u0107 to prawid\u0142owo"},"content":{"rendered":"<p><strong>W maju 2018 roku Unia Europejska przyj\u0119\u0142a do realizacji pakiet \u015brodk\u00f3w maj\u0105cych na celu zmian\u0119 w sposobie prowadzenia gospodarki odpadami i wprowadzenie w \u017cycie gospodarki o obiegu zamkni\u0119tym.<\/strong><\/p>\n<p><!--more--><\/p>\n<p class=\"pro-tip2\" style=\"text-align: center;\">\n\t<b>Szukasz numeru ksi\u0119gi wieczystej?<\/b><br \/>\n\tZnajd\u017a go na podstawie adresu nieruchomo\u015bci lub numeru dzia\u0142ki:<br \/>\n\t<span data-part=\"_4311\">Wejd\u017a na Ksiegiwieczyste.pl<\/span><br \/>\n\t<b>Sprawd\u017a, jakie to proste!<\/b>\n<\/p>\n<h2>Gospodarka odpadami w obiegu zamkni\u0119tym<\/h2>\n<p>Aby osi\u0105gn\u0105\u0107 okre\u015blony cel, przyj\u0119to nowe bardziej restrykcyjne zasady segregacji odpad\u00f3w komunalnych jak i odpad\u00f3w opakowaniowych. <strong>Sukcesywne zmniejszanie odpad\u00f3w zmieszanych<\/strong> ma doprowadzi\u0107 do takiego stanu, aby poziom recyklingu odpad\u00f3w komunalnych z roku na rok wzrasta\u0142 a\u017c do uzyskania w roku 2030 poziomu 65%.<\/p>\n<p>Ustalone za\u0142o\u017cenia obliguj\u0105 pa\u0144stwa europejskie do obliczania wsp\u00f3\u0142czynnika recyklingu, co daje mo\u017cliwo\u015b\u0107 Unii Europejskiej monitorowania za\u0142o\u017conego celu w d\u0105\u017ceniu do realizacji gospodarki odpadami komunalnymi i odpadami opakowaniowymi w obiegu zamkni\u0119tym.\u00a0Przepisy przyj\u0119te w 2018r. przez pa\u0144stwa Unii Europejskiej w zakresie gospodarki odpadami w systemie zamkni\u0119tym stanowi\u0105 przyk\u0142ad i wyzwanie do podobnych dzia\u0142a\u0144 w zakresie dba\u0142o\u015bci o \u015brodowisko dla innych pa\u0144stw \u015bwiata.<\/p>\n<h2>Nowe zasady segregowania \u015bmieci w Unii Europejskiej<\/h2>\n<p>G\u0142\u00f3wnym celem prowadzenia restrykcyjnej gospodarki odpadami polegaj\u0105cej na <strong>zminimalizowaniu ilo\u015bci odpad\u00f3w zmieszanych oraz wyeliminowania konieczno\u015bci ich sk\u0142adowania<\/strong> jest zmniejszenie powa\u017cnych zanieczyszcze\u0144 naszej planety.\u00a0Zgodnie z ustaleniami Unii Europejskiej, wszystkie pa\u0144stwa cz\u0142onkowskie maj\u0105 wprowadzi\u0107 i przestrzega\u0107 zasad selektywnej zbi\u00f3rki odpad\u00f3w i ich recyklingu.<\/p>\n<p>Do 2025 roku <strong>wsp\u00f3\u0142czynnik dla recyklingu<\/strong> poszczeg\u00f3lnych odpad\u00f3w ma wzrosn\u0105\u0107 do poziomu:<\/p>\n<ul>\n<li>wszystkie opakowania &#8211; 65%,<\/li>\n<li>tworzywa sztuczne &#8211; 50%,<\/li>\n<li>drewno &#8211; 25%,<\/li>\n<li>metale \u017celazne &#8211; 70%,<\/li>\n<li>aluminium &#8211; 50%,<\/li>\n<li>szk\u0142o &#8211; 70%,<\/li>\n<li>papier i tektura &#8211; 75%.<\/li>\n<\/ul>\n<p>Do roku 2030 docelowe wsp\u00f3\u0142czynniki recyklingu w za\u0142o\u017ceniu maj\u0105 wynosi\u0107:<\/p>\n<ul>\n<li>wszystkie opakowania &#8211; 70%,<\/li>\n<li>tworzywa sztuczne &#8211; 55%,<\/li>\n<li>drewno &#8211; 30%,<\/li>\n<li>metale \u017celazne &#8211; 80%,<\/li>\n<li>aluminium &#8211; 60%,<\/li>\n<li>szk\u0142o &#8211; 75%,<\/li>\n<li>papier i tektura &#8211; 85%.<\/li>\n<\/ul>\n<p>Przepisy Unii Europejskiej dotycz\u0105 tak\u017ce innych odpad\u00f3w. Do 2022 roku selektywnie maj\u0105 by\u0107 zbierane niebezpieczne odpady pochodz\u0105ce z gospodarstw domowych.\u00a0Do roku 2023 obowi\u0105zek ten b\u0119dzie dotyczy\u0142 r\u00f3wnie\u017c bioodpad\u00f3w, a do 2025 materia\u0142\u00f3w w\u0142\u00f3kienniczych.<\/p>\n<h2>Wdro\u017cenie nowych zasad segregowania odpad\u00f3w w Polsce<\/h2>\n<p>W Polsce przepisy z zakresu gospodarki recyklingowej zosta\u0142y wprowadzone ustaw\u0105 z dnia 19 lipca 2019 r. o zmianie ustawy o utrzymaniu czysto\u015bci i porz\u0105dku w gminach oraz niekt\u00f3rych innych ustaw.<\/p>\n<p>Zgodnie z w\/w ustaw\u0105 <strong>utrzymanie czysto\u015bci i porz\u0105dku w gminach nale\u017cy do obowi\u0105zkowych zada\u0144 w\u0142asnych gminy<\/strong>. Szczeg\u00f3\u0142owe zasady utrzymania czysto\u015bci i porz\u0105dku na terenie gminy okre\u015bla regulamin gminy, kt\u00f3ry uchwala rada gminy, po zasi\u0119gni\u0119ciu opinii powiatowego inspektora sanitarnego.\u00a0Uchwalony przez rad\u0119 gminy regulamin okre\u015bla szczeg\u00f3\u0142owe zasady utrzymania czysto\u015bci i porz\u0105dku na terenie gminy m.in. w zakresie wymaga\u0144:<\/p>\n<ul>\n<li>selektywnego zbierania i odbierania odpad\u00f3w komunalnych obejmuj\u0105cego pi\u0119\u0107 frakcji, do kt\u00f3rych nale\u017c\u0105: metale i tworzywa sztuczne, szk\u0142o, bioodpady, papier, zmieszane;<\/li>\n<li>selektywnego zbierania odpad\u00f3w komunalnych prowadzonego przez punkty selektywnego zbierania odpad\u00f3w komunalnych zwane PSZOKu w spos\u00f3b umo\u017cliwiaj\u0105cy \u0142atwy dost\u0119p dla wszystkich mieszka\u0144c\u00f3w gminy.<\/li>\n<\/ul>\n<p>Zadaniem punkt\u00f3w selektywnego zbierania odpad\u00f3w komunalnych (PSZOKu) jest odbi\u00f3r co najmniej odpad\u00f3w komunalnych, jak r\u00f3wnie\u017c odpad\u00f3w niebezpiecznych, przeterminowanych lek\u00f3w i chemikali\u00f3w, odpad\u00f3w niekwalifikuj\u0105cych si\u0119 do odpad\u00f3w medycznych powsta\u0142ych w gospodarstwie domowym w wyniku przyjmowania produkt\u00f3w leczniczych w formie iniekcji i prowadzenia monitoringu poziomu substancji we krwi, w szczeg\u00f3lno\u015bci igie\u0142 i strzykawek, zu\u017cytych baterii i akumulator\u00f3w, zu\u017cytego sprz\u0119tu elektrycznego i elektronicznego, mebli i innych odpad\u00f3w wielkogabarytowych, zu\u017cytych opon, odpad\u00f3w budowlanych i rozbi\u00f3rkowych oraz odpad\u00f3w tekstyli\u00f3w i odzie\u017cy.<\/p>\n<p style=\"text-align: center;\">Przeczytaj:\u00a0<a href=\"https:\/\/ksiegi-wieczyste.org\/obowiazek-meldunkowy-nadal-istnieje-co-oznacza-i-jak-go-dopelnic\/\" target=\"_blank\" rel=\"noopener\">Obowi\u0105zek meldunkowy nadal istnieje &#8211; co oznacza i jak go dope\u0142ni\u0107?<\/a><\/p>\n<h2>Szczeg\u00f3\u0142owe zasady segregacji odpad\u00f3w komunalnych &#8211; podzia\u0142 na 5 frakcji<\/h2>\n<p>Zgodnie z nowymi zasadami odpady komunalne powinny by\u0107 <strong>segregowane i wrzucane do pi\u0119ciu pojemnik\u00f3w b\u0105d\u017a work\u00f3w r\u00f3\u017cni\u0105cych si\u0119 kolorami<\/strong>. Ka\u017cdemu kolorowi pojemnika (worka) przypisane s\u0105 inne rodzaje odpad\u00f3w, i tak:<\/p>\n<h3>I. Metale i tworzywa sztuczne &#8211; kolor \u017c\u00f3\u0142ty<\/h3>\n<p><strong>Do pojemnik\u00f3w i work\u00f3w o kolorze \u017c\u00f3\u0142tym nale\u017cy WRZUCA\u0106:<\/strong><\/p>\n<ul>\n<li>odkr\u0119cone i zgniecione plastikowe butelki po napojach,<\/li>\n<li>nakr\u0119tki, o ile nie zbieramy ich osobno w ramach akcji dobroczynnych,<\/li>\n<li>plastikowe opakowania po produktach spo\u017cywczych,<\/li>\n<li>opakowania wielomateria\u0142owe (np. kartony po mleku i sokach),<\/li>\n<li>opakowania po \u015brodkach czysto\u015bci (np. proszkach do prania), kosmetykach (np. szamponach, pa\u015bcie do z\u0119b\u00f3w) itp.,<\/li>\n<li>plastikowe torby, worki, reklam\u00f3wki, inne folie,<\/li>\n<li>aluminiowe puszki po napojach i sokach,<\/li>\n<li>puszki po konserwach,<\/li>\n<li>foli\u0119 aluminiow\u0105,<\/li>\n<li>metale kolorowe,<\/li>\n<li>kapsle, zakr\u0119tki od s\u0142oik\u00f3w.<\/li>\n<\/ul>\n<p><strong>Do pojemnik\u00f3w i work\u00f3w o kolorze \u017c\u00f3\u0142tym NIE WRZUCAMY:<\/strong><\/p>\n<ul>\n<li>butelek i pojemnik\u00f3w z zawarto\u015bci\u0105,<\/li>\n<li>plastikowych zabawek,<\/li>\n<li>opakowa\u0144 po lekach i zu\u017cytych artyku\u0142\u00f3w medycznych,<\/li>\n<li>opakowa\u0144 po olejach silnikowych,<\/li>\n<li>cz\u0119\u015bci samochodowych,<\/li>\n<li>zu\u017cytych baterii i akumulator\u00f3w,<\/li>\n<li>puszek i pojemnik\u00f3w po farbach i lakierach,<\/li>\n<li>zu\u017cytego sprz\u0119tu elektronicznego i AGD.<\/li>\n<\/ul>\n<h3>II. Szk\u0142o &#8211; kolor zielony<\/h3>\n<p>Je\u017celi szk\u0142o wed\u0142ug decyzji gminy zbiera si\u0119 w podziale na szk\u0142o bezbarwne i kolorowe, szk\u0142o bezbarwne zbiera si\u0119 w pojemnikach koloru bia\u0142ego oznaczonych napisem \u201eSzk\u0142o bezbarwne\u201d, a szk\u0142o kolorowe w pojemnikach koloru zielonego oznaczonych napisem \u201eSzk\u0142o kolorowe\u201d.<\/p>\n<p><strong>Do pojemnik\u00f3w i work\u00f3w o kolorze zielonym nale\u017cy\u00a0WRZUCA\u0106:<\/strong><\/p>\n<ul>\n<li>butelki i s\u0142oiki po napojach i \u017cywno\u015bci (w tym butelki po napojach alkoholowych i olejach ro\u015blinnych),<\/li>\n<li>szklane opakowania po kosmetykach (je\u017celi nie s\u0105 wykonane z trwale po\u0142\u0105czonych kilku surowc\u00f3w).<\/li>\n<\/ul>\n<p><strong>Do pojemnik\u00f3w i work\u00f3w w kolorze zielonym NIE WRZUCAMY:<\/strong><\/p>\n<ul>\n<li>ceramiki, doniczek, porcelany, fajansu, kryszta\u0142\u00f3w,<\/li>\n<li>szk\u0142a okularowego,<\/li>\n<li>szk\u0142a \u017caroodpornego,<\/li>\n<li>zniczy z zawarto\u015bci\u0105 wosku,<\/li>\n<li>\u017car\u00f3wek i \u015bwietl\u00f3wek,<\/li>\n<li>reflektor\u00f3w,<\/li>\n<li>opakowa\u0144 po lekach, rozpuszczalnikach, olejach silnikowych,<\/li>\n<li>luster,<\/li>\n<li>szyb okiennych i zbrojonych,<\/li>\n<li>monitor\u00f3w i lamp telewizyjnych,<\/li>\n<li>termometr\u00f3w i strzykawek.<\/li>\n<\/ul>\n<h3>III. Bioodpady &#8211; kolor br\u0105zowy<\/h3>\n<p><strong>Do pojemnik\u00f3w i work\u00f3w o kolorze br\u0105zowym nale\u017cy\u00a0WRZUCA\u0106:<\/strong><\/p>\n<ul>\n<li>odpadki warzywne i owocowe (w tym obierki itp.),<\/li>\n<li>ga\u0142\u0119zie drzew i krzew\u00f3w,<\/li>\n<li>skoszon\u0105 traw\u0119, li\u015bcie, kwiaty,<\/li>\n<li>trociny i kor\u0119 drzew,<\/li>\n<li>niezaimpregnowane drewno,<\/li>\n<li>resztki jedzenia.<\/li>\n<\/ul>\n<p><strong>Do pojemnik\u00f3w i work\u00f3w w kolorze br\u0105zowym<\/strong>\u00a0<strong>NIE WRZUCAMY:<\/strong><\/p>\n<ul>\n<li>ko\u015bci zwierz\u0105t,<\/li>\n<li>oleju jadalnego,<\/li>\n<li>odchod\u00f3w zwierz\u0105t,<\/li>\n<li>popio\u0142u z w\u0119gla kamiennego,<\/li>\n<li>lek\u00f3w,<\/li>\n<li>drewna impregnowanego,<\/li>\n<li>p\u0142yt wi\u00f3rowych i pil\u015bniowych MDF,<\/li>\n<li>ziemi i kamieni.<\/li>\n<\/ul>\n<h3>IV. Papier &#8211; kolor niebieski<\/h3>\n<p><strong>Do pojemnik\u00f3w i work\u00f3w w kolorze niebieskim nale\u017cy\u00a0WRZUCA\u0106:<\/strong><\/p>\n<ul>\n<li>opakowania z papieru, karton, tektur\u0119 (tak\u017ce falist\u0105),<\/li>\n<li>katalogi, ulotki, prospekty,<\/li>\n<li>gazety i czasopisma,<\/li>\n<li>papier szkolny i biurowy, zadrukowane kartki,<\/li>\n<li>zeszyty i ksi\u0105\u017cki,<\/li>\n<li>papier pakowy,<\/li>\n<li>torby i worki papierowe.<\/li>\n<\/ul>\n<p><strong>Do pojemnik\u00f3w i work\u00f3w w kolorze niebieskim\u00a0NIE WRZUCAMY:<\/strong><\/p>\n<ul>\n<li>r\u0119cznik\u00f3w papierowych i zu\u017cytych chusteczek higienicznych,<\/li>\n<li>papieru lakierowanego i powleczonego foli\u0105,<\/li>\n<li>papieru zat\u0142uszczonego lub mocno zabrudzonego,<\/li>\n<li>karton\u00f3w po mleku i napojach,<\/li>\n<li>papierowych work\u00f3w po nawozach, cemencie i innych materia\u0142ach budowlanych,<\/li>\n<li>tapet,<\/li>\n<li>pieluch jednorazowych i\u00a0innych materia\u0142\u00f3w higienicznych,<\/li>\n<li>zat\u0142uszczonych jednorazowych opakowa\u0144 z papieru i naczy\u0144 jednorazowych,<\/li>\n<li>ubra\u0144.<\/li>\n<\/ul>\n<h3>V. Frakcje zmieszane (czarny).<\/h3>\n<p>Do pojemnik\u00f3w i work\u00f3w z odpadami zmieszanymi oznaczonych kolorem czarnym nale\u017cy wrzuca\u0107 wszystko to, czego nie mo\u017cna odzyska\u0107 w procesie recyklingu, z wy\u0142\u0105czeniem odpad\u00f3w niebezpiecznych.<\/p>\n<h3>Mo\u017cliwo\u015b\u0107 okre\u015blenia dodatkowych warunk\u00f3w przez gminy<\/h3>\n<p>Rada gminy mo\u017ce w regulaminie wprowadzi\u0107 obowi\u0105zek selektywnego zbierania i odbierania odpad\u00f3w komunalnych innych ni\u017c w\/w.,np.:<\/p>\n<ol>\n<li>mo\u017ce okre\u015bli\u0107 dodatkowe warunki dotycz\u0105ce u\u0142atwienia prowadzenia selektywnego zbierania odpad\u00f3w przez osoby niepe\u0142nosprawne, w szczeg\u00f3lno\u015bci niedowidz\u0105ce;<\/li>\n<li>mo\u017ce okre\u015bli\u0107 wymagania dotycz\u0105ce kompostowania bioodpad\u00f3w stanowi\u0105cych odpady komunalne w kompostownikach przydomowych na terenie nieruchomo\u015bci zabudowanych budynkami mieszkalnymi jednorodzinnymi oraz zwolni\u0107 w\u0142a\u015bcicieli takich nieruchomo\u015bci, w ca\u0142o\u015bci lub w cz\u0119\u015bci z op\u0142at.<\/li>\n<\/ol>\n<h2>Odpady niebezpieczne<\/h2>\n<p>Na szczeg\u00f3ln\u0105 uwag\u0119 zas\u0142uguj\u0105 wszystkie odpady niebezpieczne, takie jak <strong>zu\u017cyte baterie i akumulatory, przeterminowane lekarstwa, zu\u017cyte \u015bwietl\u00f3wki, zu\u017cyty sprz\u0119t RTV i AGD<\/strong>. Tego typu odpady nale\u017cy obowi\u0105zkowo oddawa\u0107 do lokalnych (gminnych) Punkt\u00f3w Selektywnej Zbi\u00f3rki Odpad\u00f3w Komunalnych (PSZOK) lub sklepu ze sprz\u0119tem elektronicznym.<\/p>\n<p>Zawarte w\/w odpadach niebezpiecznych metale ci\u0119\u017ckie, kwasy \u017cr\u0105ce i korozyjne, a tak\u017ce substancje rakotw\u00f3rcze i rt\u0119\u0107 musz\u0105 zosta\u0107 zneutralizowane. Nale\u017cy nadmieni\u0107, \u017ce Ustawa zobowi\u0105zuje gminy do organizowania Punkt\u00f3w Selektywnej Zbi\u00f3rki Odpad\u00f3w Komunalnych. O tym czy gmina dysponuje takimi punktami oraz o godzinach otwarcia tych punkt\u00f3w mo\u017cna dowiedzie\u0107 si\u0119 wchodz\u0105c na stron\u0119 internetow\u0105 gminy.<\/p>\n<h2>Jak wyrzuca\u0107 obierki, czy my\u0107 pojemniki po jogurtach&#8230;<\/h2>\n<p>Wprowadzenie Jednolitego Systemu Segregacji Odpad\u00f3w ma na celu <strong>oddzielenie surowca od odpadu, kt\u00f3ry nie nadaje si\u0119 do powt\u00f3rnego przetworzenia<\/strong>. Szczeg\u00f3lnie chodzi tutaj o metale i tworzywa sztuczne, papier, a tak\u017ce opakowania szklane i odpady biodegradowalne.<\/p>\n<p>Segregowanie szk\u0142a, papieru, tworzyw sztucznych wraz z metalem czy oddzielanie odpad\u00f3w biodegradowalnych pozwala uzyska\u0107 najbardziej pe\u0142nowarto\u015bciowe surowce do ponownego wykorzystania (przetworzenia).<\/p>\n<p>Wrzucaj\u0105c do pojemnik\u00f3w odpady ze szk\u0142a b\u0105d\u017a biodegrawowalne nale\u017cy pami\u0119ta\u0107, aby wyrzuca\u0107 je bez work\u00f3w.<\/p>\n<p>Przed wyrzuceniem plastikowych butelek wskazanym jest odkr\u0119ci\u0107 z nich nakr\u0119tki oraz zgnie\u015b\u0107, przez co dzi\u0119ki zmniejszeniu obj\u0119to\u015bci wyrzucanych produkt\u00f3w b\u0119dziemy mogli wyrzuci\u0107 do tego samego pojemnika znacznie wi\u0119cej.<\/p>\n<p>Obierki warzyw i owoc\u00f3w najlepiej jest przeznaczy\u0107 na kompost. Je\u017celi z r\u00f3\u017cnych przyczyn nie posiadamy kompostownika, cz\u0119\u015bci ro\u015blin wrzucamy do pojemnika na odpady biodegradowalne.<\/p>\n<p>Istotnym jest to, \u017ce <strong>przed wyrzuceniem do pojemnika na odpady segregowane szk\u0142a, plastiku czy metalu nie musimy ich my\u0107<\/strong>. Wystarczy, \u017ce zostan\u0105 opr\u00f3\u017cnione z ewentualnych pozosta\u0142o\u015bci. Mycie surowca zostanie przeprowadzone na p\u00f3\u017aniejszym etapie recyklingu.<\/p>\n<h2>Gdzie wyrzuci\u0107&#8230;? Pomo\u017ce wyszukiwarka!<\/h2>\n<p>Pomimo jasnych wytycznych odno\u015bnie segregowania odpad\u00f3w, zdarza si\u0119, \u017ce trzymaj\u0105c w r\u0119ku opakowanie np. po mleku zastanawiamy si\u0119, do kt\u00f3rego pojemnika na odpady nale\u017cy je wrzuci\u0107. Podobne niezdecydowanie odczujemy w przypadku konieczno\u015bci wyrzucenia np. s\u0142oika z resztkami przecieru pomidorowego czy innej substancji pozosta\u0142ej na \u015bciankach tego s\u0142oika.<\/p>\n<p>Na dzie\u0144 dzisiejszy, stoj\u0105c przed takimi dylematami, aby nie pope\u0142ni\u0107 b\u0142\u0119du przy segregowaniu odpad\u00f3w, mo\u017cemy skorzysta\u0107 z pojawiaj\u0105cych si\u0119 w Internecie wyszukiwarek internetowych, za pomoc\u0105 kt\u00f3rych <strong>mo\u017cemy sprawdzi\u0107, do pojemnika w jakim kolorze nale\u017cy wrzuci\u0107 dany produkt<\/strong>, np. opakowanie po jajkach, rozbit\u0105 butelk\u0119, czy wk\u0142ad do d\u0142ugopisu.<\/p>\n<p>Przyk\u0142adowe wyszukiwarki:<\/p>\n<ul>\n<li><a href=\"https:\/\/segregujna5.um.warszawa.pl\/\" target=\"_blank\" rel=\"nofollow noopener\">https:\/\/segrgujna5.um.warszawa.pl\/<\/a>,<\/li>\n<li><a href=\"https:\/\/ekosystem.wroc.pl\/segregacja-odpadow\/gdzie-wrzucic\/\" target=\"_blank\" rel=\"nofollow noopener\">https:\/\/ekosystem.wroc.pl\/segregacja-odpadow\/gdzie-wrzucic\/,<\/a><\/li>\n<li><a href=\"https:\/\/uml.lodz.pl\/dla-mieszkancow\/ochrona-srodowiska\/selektywna-zbiorka-odpadow\/\" target=\"_blank\" rel=\"nofollow noopener\">https:\/\/uml.lodz.pl\/dla-mieszkancow\/ochrona-srodowiska\/selektywna-zbiorka-odpadow\/<\/a>.<\/li>\n<\/ul>\n<p>Wyszukiwarki pozwalaj\u0105 na szybkie wskazanie, do jakiego pojemnika powinien trafi\u0107 dany odpad.\u00a0 Przyk\u0142ad:<\/p>\n<div id=\"attachment_2303\" style=\"width: 1034px\" class=\"wp-caption aligncenter\"><img loading=\"lazy\" decoding=\"async\" aria-describedby=\"caption-attachment-2303\" class=\"size-large wp-image-2303\" src=\"https:\/\/ksiegiwieczyste.pl\/czytaj\/wp-content\/uploads\/2020\/03\/wyszukiwarka_odpadow-1024x533.jpg\" alt=\"Wyszukiwarka do segregacji odpad\u00f3w\" width=\"1024\" height=\"533\" \/><p id=\"caption-attachment-2303\" class=\"wp-caption-text\">\u0179r\u00f3d\u0142o: https:\/\/segregujna5.um.warszawa.pl\/<\/p><\/div>\n<h2>Wzrost koszt\u00f3w segregowani i wywozu odpad\u00f3w<\/h2>\n<p>Wprowadzenie nowych zasad segregacji odpad\u00f3w komunalnych wi\u0105\u017ce si\u0119 ze wzrostem koszt\u00f3w ich segregowania i wywozu.\u00a0Wzrost koszt\u00f3w segregowania i wywozu zosta\u0142 podyktowany m.in. wprowadzeniem segregacji dodatkowej frakcji, co z kolei przek\u0142ada si\u0119 na <strong>konieczno\u015b\u0107 udost\u0119pnienia dodatkowych pojemnik\u00f3w czy work\u00f3w na t\u0119 frakcje oraz zwi\u0119ksza cz\u0119stotliwo\u015b\u0107 wywozu odpad\u00f3w<\/strong>.<\/p>\n<p>Wraz ze wzrostem ilo\u015bci frakcji (z czterech na pi\u0119\u0107) wzros\u0142a konieczno\u015b\u0107 <strong>zaanga\u017cowania wi\u0119kszej ilo\u015bci \u015bmieciarek oraz ludzi obs\u0142uguj\u0105cych te pojazdy<\/strong>. Wszystkie wymienione wy\u017cej elementy maj\u0105 istotny wp\u0142yw na ostateczny koszt segregacji i wywozu odpad\u00f3w, kt\u00f3ry obci\u0105\u017ca bud\u017cet mieszka\u0144c\u00f3w danej gminy.<\/p>\n<p>Na podstawie obowi\u0105zuj\u0105cej ustawy, rada gminy w drodze uchwa\u0142y, mo\u017ce w cz\u0119\u015bci zwolni\u0107 z op\u0142aty za gospodarowanie odpadami komunalnymi w\u0142a\u015bcicieli nieruchomo\u015bci zabudowanych budynkami mieszkalnymi jednorodzinnymi kompostuj\u0105cych bioodpady stanowi\u0105ce odpady komunalne w kompostowniku przydomowym, proporcjonalnie do zmniejszenia koszt\u00f3w gospodarowania odpadami komunalnymi z gospodarstw domowych.<\/p>\n<p>W razie stwierdzenia, \u017ce w\u0142a\u015bciciel nieruchomo\u015bci, kt\u00f3ry z\u0142o\u017cy\u0142 informacj\u0119, \u017ce kompostuje odpady biodegradowalne:<\/p>\n<ul>\n<li>nie posiada, kompostownika przydomowego,<\/li>\n<\/ul>\n<p>lub<\/p>\n<ul>\n<li>nie kompostuje bioodpad\u00f3w stanowi\u0105cych odpady komunalne w kompostowniku przydomowym,<\/li>\n<\/ul>\n<p>lub<\/p>\n<ul>\n<li>uniemo\u017cliwia w\u00f3jtowi, burmistrzowi lub prezydentowi miasta, lub upowa\u017cnionej przez niego osobie dokonanie ogl\u0119dzin nieruchomo\u015bci, w celu weryfikacji zgodno\u015bci podanej informacji, ze stanem faktycznym &#8211; w\u00f3jt, burmistrz lub prezydent miasta stwierdza, w drodze decyzji, utrat\u0119 prawa do zwolnienia z op\u0142aty za gospodarowanie odpadami komunalnymi.<\/li>\n<\/ul>\n<p style=\"text-align: center;\">Przeczytaj: <a href=\"https:\/\/ksiegi-wieczyste.org\/wzrost-oplat-za-wywoz-smieci-od-2020-r\/\" target=\"_blank\" rel=\"noopener\">Wzrost op\u0142at za wyw\u00f3z \u015bmieci od 2020 r.<\/a><\/p>\n<p>Podstawa prawna:<\/p>\n<ol>\n<li>Rozporz\u0105dzenie Ministra \u015arodowiska z dnia 28 grudnia 2018 r. zmieniaj\u0105ce rozporz\u0105dzenie w sprawie szczeg\u00f3\u0142owego sposobu selektywnego zbierania wybranych frakcji odpad\u00f3w.<\/li>\n<li>Ustawa z dnia 19 lipca 2019 r. o zmianie ustawy o utrzymaniu czysto\u015bci i porz\u0105dku w gminach oraz niekt\u00f3rych innych ustaw.<\/li>\n<li>W artykule wykorzystano r\u00f3wnie\u017c informacje zawarte na Stronie Internetowej Urz\u0119du Miasta \u0141odzi.<\/li>\n<\/ol>\n<p>Zdj\u0119cie: Unsplash.com<\/p>\n","protected":false},"excerpt":{"rendered":"<p>W maju 2018 roku Unia Europejska przyj\u0119\u0142a do realizacji pakiet \u015brodk\u00f3w maj\u0105cych na celu zmian\u0119 w sposobie prowadzenia gospodarki odpadami i wprowadzenie w \u017cycie gospodarki o obiegu zamkni\u0119tym.<\/p>\n","protected":false},"author":1,"featured_media":2300,"comment_status":"open","ping_status":"open","sticky":false,"template":"","format":"standard","meta":{"footnotes":""},"categories":[6],"tags":[55],"class_list":["post-2298","post","type-post","status-publish","format-standard","has-post-thumbnail","hentry","category-aktualnosci","tag-zmiany-w-przepisach"],"aioseo_notices":[],"_links":{"self":[{"href":"https:\/\/ksiegiwieczyste.pl\/czytaj\/wp-json\/wp\/v2\/posts\/2298","targetHints":{"allow":["GET"]}}],"collection":[{"href":"https:\/\/ksiegiwieczyste.pl\/czytaj\/wp-json\/wp\/v2\/posts"}],"about":[{"href":"https:\/\/ksiegiwieczyste.pl\/czytaj\/wp-json\/wp\/v2\/types\/post"}],"author":[{"embeddable":true,"href":"https:\/\/ksiegiwieczyste.pl\/czytaj\/wp-json\/wp\/v2\/users\/1"}],"replies":[{"embeddable":true,"href":"https:\/\/ksiegiwieczyste.pl\/czytaj\/wp-json\/wp\/v2\/comments?post=2298"}],"version-history":[{"count":7,"href":"https:\/\/ksiegiwieczyste.pl\/czytaj\/wp-json\/wp\/v2\/posts\/2298\/revisions"}],"predecessor-version":[{"id":3476,"href":"https:\/\/ksiegiwieczyste.pl\/czytaj\/wp-json\/wp\/v2\/posts\/2298\/revisions\/3476"}],"wp:featuredmedia":[{"embeddable":true,"href":"https:\/\/ksiegiwieczyste.pl\/czytaj\/wp-json\/wp\/v2\/media\/2300"}],"wp:attachment":[{"href":"https:\/\/ksiegiwieczyste.pl\/czytaj\/wp-json\/wp\/v2\/media?parent=2298"}],"wp:term":[{"taxonomy":"category","embeddable":true,"href":"https:\/\/ksiegiwieczyste.pl\/czytaj\/wp-json\/wp\/v2\/categories?post=2298"},{"taxonomy":"post_tag","embeddable":true,"href":"https:\/\/ksiegiwieczyste.pl\/czytaj\/wp-json\/wp\/v2\/tags?post=2298"}],"curies":[{"name":"wp","href":"https:\/\/api.w.org\/{rel}","templated":true}]}}