{"id":1865,"date":"2018-07-16T13:56:57","date_gmt":"2018-07-16T11:56:57","guid":{"rendered":"https:\/\/ksiegi-wieczyste.org\/?p=1865"},"modified":"2018-07-16T14:07:46","modified_gmt":"2018-07-16T12:07:46","slug":"dekomunizacja-ulicy-a-wpis-w-ksiedze-wieczystej","status":"publish","type":"post","link":"https:\/\/ksiegiwieczyste.pl\/czytaj\/dekomunizacja-ulicy-a-wpis-w-ksiedze-wieczystej\/","title":{"rendered":"Dekomunizacja ulicy a wpis w ksi\u0119dze wieczystej"},"content":{"rendered":"<p><strong>Na skutek uchwalonej w 2016 r. tzw. \u201custawy dekomunizacyjnej\u201d, jednostki samorz\u0105du terytorialnego zobowi\u0105zane s\u0105 do zmiany nazw dr\u00f3g, ulic, plac\u00f3w czy te\u017c obiekt\u00f3w u\u017cyteczno\u015bci publicznej, na takie, kt\u00f3re nie upami\u0119tniaj\u0105 os\u00f3b, organizacji, wydarze\u0144 lub dat symbolizuj\u0105cych komunizm lub inny ustr\u00f3j totalitarny.<\/strong><\/p>\n<p>Jakie konsekwencje niesie ta zmiana dla mieszka\u0144c\u00f3w i w\u0142a\u015bcicieli nieruchomo\u015bci? Co z wa\u017cno\u015bci\u0105 posiadanych dokument\u00f3w, czy konieczna jest ich wymiana? I przede wszystkim, co z aktualizacj\u0105 tre\u015bci ksi\u0105g wieczystych?<\/p>\n<p><!--more--><\/p>\n<p style=\"text-align: center;\"><a href=\"https:\/\/ksiegiwieczyste.pl?ref=partner_4311\" target=\"_blank\" rel=\"nofollow noopener\">Ksi\u0119gi Wieczyste Online &#8211; znajd\u017a po adresie lub numerze dzia\u0142ki<\/a><\/p>\n<h2>Dow\u00f3d osobisty, prawo jazdy, dowody rejestracyjne pojazd\u00f3w<\/h2>\n<p>Zgodnie z tre\u015bci\u0105 \u201custawy dekomunizacyjnej\u201d (Art. 5, ust. 2), zmiana nazwy dokonana w wyniku realizacji ustawy nie ma wp\u0142ywu na wa\u017cno\u015b\u0107 dokument\u00f3w zawieraj\u0105cych nazw\u0119 dotychczasow\u0105. Oznacza to, \u017ce dokumenty takie jak <strong>dow\u00f3d osobisty, prawo jazdy, dowody rejestracyjne pojazd\u00f3w pozostaj\u0105 wa\u017cne do czasu a\u017c up\u0142ynie ich termin wa\u017cno\u015bci<\/strong>. Wobec tego <strong>ich wymiana nie jest wymagana<\/strong>.<\/p>\n<p>Fakt ten nie zwalnia jednak mieszka\u0144c\u00f3w, w\u0142a\u015bcicieli nieruchomo\u015bci czy te\u017c przedsi\u0119biorc\u00f3w, kt\u00f3rych dotyczy zmiana nazwy ulicy, z <strong>powiadomienia o nowym adresie podmiot\u00f3w, z kt\u00f3rymi maj\u0105 zawarte umowy zobowi\u0105zuj\u0105ce ich do aktualizacji danych adresowych<\/strong> (np. banki, dostawcy energii elektrycznej, gazu, us\u0142ug telekomunikacyjnych, telewizyjnych i internetowych itp.).<\/p>\n<h2>Ujawnienie zmian w ksi\u0119dze wieczystej<\/h2>\n<p>Dekomunizacja adresu poci\u0105ga za sob\u0105 konieczno\u015b\u0107 uaktualnienia tre\u015bci ksi\u0105g wieczystych nieruchomo\u015bci.<\/p>\n<p>Zmiany nazw ulic s\u0105 z urz\u0119du wprowadzane w ewidencji grunt\u00f3w i budynk\u00f3w (EGiB). Nast\u0119pnie, <strong>do w\u0142a\u015bciwych miejscowo Wydzia\u0142\u00f3w Ksi\u0105g Wieczystych S\u0105du Rejonowego, wysy\u0142ane s\u0105 zawiadomienia o wprowadzonych zmianach w adresie nieruchomo\u015bci<\/strong> (do ka\u017cdej ksi\u0119gi wieczystej, kt\u00f3rej zmiana dotyczy).<\/p>\n<p>Jak si\u0119 okaza\u0142o, w du\u017cych miastach (np. Warszawa, Krak\u00f3w) masowa ilo\u015b\u0107 jednocze\u015bnie sp\u0142ywaj\u0105cych wniosk\u00f3w doprowadzi\u0142a pod koniec 2017 r. do zatoru prac w wydzia\u0142ach wieczystoksi\u0119gowych. Czas oczekiwania na za\u0142atwienie sprawy dotycz\u0105cej wpisu w ksi\u0119dze wieczystej wyd\u0142u\u017cy\u0142 si\u0119 \u015brednio z 3 tygodni do nawet 5 miesi\u0119cy.<\/p>\n<p style=\"text-align: center;\">Przeczytaj: <a href=\"https:\/\/ksiegi-wieczyste.org\/zmiana-wlasciciela-nieruchomosci-wpis-do-ksiegi-wieczystej\/\" target=\"_blank\" rel=\"noopener\">Zmiana w\u0142a\u015bciciela nieruchomo\u015bci \u2013 wpis do ksi\u0119gi wieczystej<\/a><\/p>\n<h2>Wniosek o sprostowanie oznaczenia nieruchomo\u015bci<\/h2>\n<p>W sytuacji, <strong>gdy za uaktualnienie tre\u015bci ksi\u0119gi wieczystej na skutek zmiany nazwy ulicy odpowiedzialny jest w\u0142a\u015bciciel nieruchomo\u015bci<\/strong>, jego obowi\u0105zkiem jest z\u0142o\u017cenie stosownego wniosku w S\u0105dzie Rejonowym, kt\u00f3ry prowadzi dan\u0105 ksi\u0119g\u0119 wieczyst\u0105.<\/p>\n<p>W tym celu nale\u017cy z\u0142o\u017cy\u0107 \u201cWniosek o wpis w ksi\u0119dze wieczystej\u201d na formularzu <a href=\"https:\/\/ksiegi-wieczyste.org\/formularz-kw-wpis-wniosek-o-wpis-w-ksiedze-wieczystej\/\" target=\"_blank\" rel=\"noopener\">KW-WPIS<\/a>. We wniosku nale\u017cy wskaza\u0107<strong> \u017c\u0105danie: \u201eSprostowanie oznaczenia nieruchomo\u015bci\u201d<\/strong>, a w tre\u015bci \u017c\u0105dania powo\u0142a\u0107 si\u0119 na decyzj\u0119\/zawiadomienie (wraz z w\u0142a\u015bciwym numerem decyzji\/zawiadomienia), w wyniku kt\u00f3rej dosz\u0142o do zmiany oznaczenia nieruchomo\u015bci.<\/p>\n<p>W przypadku nieruchomo\u015bci zabudowanych budynkiem do wniosku nale\u017cy do\u0142\u0105czy\u0107 aktualny <a href=\"https:\/\/kataster360.pl\/jak-uzyskac-wypis-i-wyrys-z-rejestru-gruntow\/\" target=\"_blank\" rel=\"noopener\">wypis i wyrys z ewidencji grunt\u00f3w i budynk\u00f3w<\/a>. Z\u0142o\u017cenie dodatkowych dokument\u00f3w nie jest wymagane w przypadku wyodr\u0119bnionych lokali mieszkalnych.<\/p>\n<p><strong>Wniosek jest wolny od op\u0142at<\/strong>, gdy\u017c zgodnie z Art. 5., ust. 1 \u201custawy dekomunizacyjnej\u201d:<\/p>\n<blockquote><p>\u201cPisma oraz post\u0119powania s\u0105dowe i administracyjne w sprawach dotycz\u0105cych ujawnienia w ksi\u0119gach wieczystych oraz uwzgl\u0119dnienia w rejestrach, ewidencjach i dokumentach urz\u0119dowych zmiany nazwy dokonanej na podstawie ustawy s\u0105 wolne od op\u0142at.\u201d<\/p><\/blockquote>\n<h2>Wymiana tabliczek adresowych<\/h2>\n<p>Obowi\u0105zek wymiany tabliczek zawieraj\u0105cych numer porz\u0105dkowy i nazw\u0119 ulicy ci\u0105\u017cy na w\u0142a\u015bcicielu\/u\u017cytkowniku nieruchomo\u015bci (zgodnie z Art. 47b ust. 1 Ustawy z dnia 17 maja 1989 r. Prawo geodezyjne i kartograficzne). Zmiana dokonywana jest <strong>na koszt w\u0142asny<\/strong>.<\/p>\n<h2>Pozosta\u0142e urz\u0119dy i instytucje<\/h2>\n<ul>\n<li><strong>Urz\u0105d Skarbowy<\/strong> &#8211; osoby fizyczne, kt\u00f3re nie prowadz\u0105 dzia\u0142alno\u015bci gospodarczej, powinny zg\u0142osi\u0107 aktualizacj\u0119 danych adresowych przy najbli\u017cszym kontakcie z Urz\u0119dem, np. przy sk\u0142adaniu zeznania podatkowego. Mog\u0105 to r\u00f3wnie\u017c zrobi\u0107 poprzez wype\u0142nienie i z\u0142o\u017cenie wniosku <strong>na formularzu ZAP-3<\/strong>, tj. \u201cZg\u0142oszenie aktualizacyjne osoby fizycznej b\u0119d\u0105cej podatnikiem \u201c &#8211; w wersji papierowej w urz\u0119dzie lub w wersji elektronicznej na stronie internetowej Ministerstwa Finans\u00f3w.<\/li>\n<li><strong>Zak\u0142ad Ubezpiecze\u0144 Spo\u0142ecznych (ZUS)<\/strong> &#8211; osoby, kt\u00f3re pobieraj\u0105 \u015bwiadczenia, powinny zg\u0142osi\u0107 zmian\u0119 danych adresowych poprzez wype\u0142nienie i z\u0142o\u017cenie wniosku <strong>na formularzu EZP<\/strong>, tj. \u201cWniosek o zmian\u0119 danych osoby zamieszka\u0142ej w Polsce\u201d &#8211; w formie papierowej osobi\u015bcie w siedzibie urz\u0119du lub korespondencyjnie.<\/li>\n<li><strong>Gospodarowanie odpadami<\/strong> &#8211; zmiany dokonywane s\u0105 z urz\u0119du. Nie ma obowi\u0105zku sk\u0142adania zmiany deklaracji w sprawie gospodarowania odpadami zar\u00f3wno przez mieszka\u0144c\u00f3w jak i zarz\u0105dc\u00f3w nieruchomo\u015bci.<\/li>\n<li><strong>Podatek od nieruchomo\u015bci<\/strong> &#8211; zmiany dokonywane s\u0105 z urz\u0119du. Nie ma obowi\u0105zku sk\u0142adania informacji w sprawie podatku od nieruchomo\u015bci celem aktualizacji danych adresowych.<\/li>\n<\/ul>\n<h2>Obowi\u0105zki przedsi\u0119biorc\u00f3w<\/h2>\n<ul>\n<li><strong>Ewidencja dzia\u0142alno\u015bci gospodarczej (CEDIG)<\/strong> &#8211; osoby fizyczne prowadz\u0105ce dzia\u0142alno\u015b\u0107 gospodarcz\u0105 oraz posiadaj\u0105ce zezwolenie na sprzeda\u017c napoj\u00f3w alkoholowych, <strong>powinny dokona\u0107 zmian w tym rejestrze<\/strong> poprzez z\u0142o\u017cenie wniosku o zmian\u0119 wpisu w CEIDG <strong>na formularzu CEIDG-1<\/strong> (w wersji papierowej we w\u0142a\u015bciwym miejscowo urz\u0119dzie gminy\/miasta lub elektronicznie na stronie internetowej CEDIG). Po z\u0142o\u017ceniu wniosku dane dotycz\u0105ce zmiany adresu s\u0105 przekazywane do ZUSU\/KRUSU, Urz\u0119du Skarbowego oraz Urz\u0119du Statystycznego. Zezwolenia na sprzeda\u017c napoj\u00f3w alkoholowych zachowuj\u0105 swoj\u0105 wa\u017cno\u015b\u0107 &#8211; zgodnie z Art. 5 \u201custawy dekomunizacyjnej\u201d.<\/li>\n<li><strong>Krajowy Rejestr S\u0105dowy (KRS)<\/strong> &#8211; przedsi\u0119biorcy prowadz\u0105cy dzia\u0142alno\u015b\u0107 podlegaj\u0105c\u0105 wpisowi w KRS <strong>powinni dokona\u0107 zmian w tym rejestrze<\/strong>, je\u015bli wpisy obejmuj\u0105 adres, w kt\u00f3rym zmieni\u0142a si\u0119 nazwa ulicy.<\/li>\n<\/ul>\n<h2>Przypadki uniewa\u017cnienia decyzji<\/h2>\n<p>Jak pokazuj\u0105 doniesiania z prasy lokalnej r\u00f3\u017cnych miast, mo\u017ce si\u0119 zdarzy\u0107, \u017ce decyzja o zmianie nazwy ulicy zostanie uchylona przez S\u0105d. Tak by\u0142o mi\u0119dzy innymi w przypadku dwunastu ulic w Warszawie. Wojew\u00f3dzki S\u0105d Administracyjny pod koniec maja 2018 r. zdecydowa\u0142 o cofni\u0119ciu decyzji wojewody, poniewa\u017c ten niewystarczaj\u0105co uzasadni\u0142, w jaki spos\u00f3b dany patron ulicy propagowa\u0142 komunizm.<\/p>\n<h2>Podstawa prawna<\/h2>\n<p><strong>Pe\u0142na nazwa ustawy<\/strong>: Ustawa z dnia 1 kwietnia 2016 r. o zakazie propagowania komunizmu lub innego ustroju totalitarnego przez nazwy jednostek organizacyjnych, jednostek pomocniczych gminy, budowli, obiekt\u00f3w i urz\u0105dze\u0144 u\u017cyteczno\u015bci publicznej oraz pomniki (Dz. U. z 2016 r. poz. 744 z p\u00f3\u017an. zm.).<\/p>\n<p>Tre\u015b\u0107 ustawy: <a href=\"http:\/\/prawo.sejm.gov.pl\/isap.nsf\/DocDetails.xsp?id=WDU20160000744\" target=\"_blank\" rel=\"noopener\">LINK<\/a><\/p>\n<p>Ustawa <strong>wesz\u0142a w \u017cycie w dniu 2 wrze\u015bnia 2016 r<\/strong>.<\/p>\n<p>Zdj\u0119cie: Unsplash.com<\/p>\n","protected":false},"excerpt":{"rendered":"<p>Na skutek uchwalonej w 2016 r. tzw. \u201custawy dekomunizacyjnej\u201d, jednostki samorz\u0105du terytorialnego zobowi\u0105zane s\u0105 do zmiany nazw dr\u00f3g, ulic, plac\u00f3w czy te\u017c obiekt\u00f3w u\u017cyteczno\u015bci publicznej, na takie, kt\u00f3re nie upami\u0119tniaj\u0105 os\u00f3b, organizacji, wydarze\u0144 lub dat symbolizuj\u0105cych komunizm lub inny ustr\u00f3j [&hellip;]<\/p>\n","protected":false},"author":1,"featured_media":1867,"comment_status":"open","ping_status":"open","sticky":false,"template":"","format":"standard","meta":{"footnotes":""},"categories":[6],"tags":[26,12],"class_list":["post-1865","post","type-post","status-publish","format-standard","has-post-thumbnail","hentry","category-aktualnosci","tag-rynek-nieruchomosci","tag-wpis-do-ksiegi-wieczystej"],"aioseo_notices":[],"_links":{"self":[{"href":"https:\/\/ksiegiwieczyste.pl\/czytaj\/wp-json\/wp\/v2\/posts\/1865","targetHints":{"allow":["GET"]}}],"collection":[{"href":"https:\/\/ksiegiwieczyste.pl\/czytaj\/wp-json\/wp\/v2\/posts"}],"about":[{"href":"https:\/\/ksiegiwieczyste.pl\/czytaj\/wp-json\/wp\/v2\/types\/post"}],"author":[{"embeddable":true,"href":"https:\/\/ksiegiwieczyste.pl\/czytaj\/wp-json\/wp\/v2\/users\/1"}],"replies":[{"embeddable":true,"href":"https:\/\/ksiegiwieczyste.pl\/czytaj\/wp-json\/wp\/v2\/comments?post=1865"}],"version-history":[{"count":5,"href":"https:\/\/ksiegiwieczyste.pl\/czytaj\/wp-json\/wp\/v2\/posts\/1865\/revisions"}],"predecessor-version":[{"id":1872,"href":"https:\/\/ksiegiwieczyste.pl\/czytaj\/wp-json\/wp\/v2\/posts\/1865\/revisions\/1872"}],"wp:featuredmedia":[{"embeddable":true,"href":"https:\/\/ksiegiwieczyste.pl\/czytaj\/wp-json\/wp\/v2\/media\/1867"}],"wp:attachment":[{"href":"https:\/\/ksiegiwieczyste.pl\/czytaj\/wp-json\/wp\/v2\/media?parent=1865"}],"wp:term":[{"taxonomy":"category","embeddable":true,"href":"https:\/\/ksiegiwieczyste.pl\/czytaj\/wp-json\/wp\/v2\/categories?post=1865"},{"taxonomy":"post_tag","embeddable":true,"href":"https:\/\/ksiegiwieczyste.pl\/czytaj\/wp-json\/wp\/v2\/tags?post=1865"}],"curies":[{"name":"wp","href":"https:\/\/api.w.org\/{rel}","templated":true}]}}