{"id":1643,"date":"2017-11-27T14:52:50","date_gmt":"2017-11-27T13:52:50","guid":{"rendered":"http:\/\/ksiegi-wieczyste.org\/?p=1643"},"modified":"2017-11-27T14:52:50","modified_gmt":"2017-11-27T13:52:50","slug":"zakaz-handlu-w-niedziele-ograniczenia-juz-od-marca-2018-r","status":"publish","type":"post","link":"https:\/\/ksiegiwieczyste.pl\/czytaj\/zakaz-handlu-w-niedziele-ograniczenia-juz-od-marca-2018-r\/","title":{"rendered":"Zakaz handlu w niedziel\u0119 &#8211; ograniczenia ju\u017c od marca 2018 r."},"content":{"rendered":"<p>To ju\u017c pewne, Sejm uchwali\u0142 ustaw\u0119 ograniczaj\u0105c\u0105 handel w niedziel\u0119. Zakaz b\u0119dzie wprowadzany stopniowo &#8211;<strong> od 1 marca 2018 r. tylko dwie niedziele w miesi\u0105cu b\u0119d\u0105 handlowe<\/strong> (pierwsza i ostatnia).<\/p>\n<p><strong>Od 2019 r. handel b\u0119dzie dozwolony tylko w ostatni\u0105 niedziel\u0119 miesi\u0105ca<\/strong>, a <strong>od 2020 r. zakaz b\u0119dzie obowi\u0105zywa\u0142 we wszystkie niedziele poza ustawowo wskazanymi wyj\u0105tkami<\/strong>.<\/p>\n<p><strong>Sklepy b\u0119d\u0105 r\u00f3wnie\u017c zamkni\u0119te, gdy w niedziel\u0119 handlow\u0105 przypadnie \u015bwi\u0119to<\/strong>. A to oznacza, \u017ce w niekt\u00f3rych miesi\u0105cach dojdzie do \u201ckumulacji\u201d niedziel wy\u0142\u0105czonych z handlu. Na przyk\u0142ad, w kwietniu 2018 r. handlowa b\u0119dzie tylko jedna niedziela &#8211; 29 kwietnia.<\/p>\n<p style=\"text-align: center;\"><a href=\"https:\/\/ksiegiwieczyste.pl?ref=partner_4311\" target=\"_blank\" rel=\"nofollow noopener\">Ksi\u0119gi Wieczyste Online &#8211; znajd\u017a po adresie lub numerze dzia\u0142ki<\/a><\/p>\n<p><!--more--><\/p>\n<h2>Wyj\u0105tki od ograniczenia handlu<\/h2>\n<p>Zakaz handlu <strong>nie b\u0119dzie obowi\u0105zywa\u0142 w niedziel\u0119 przed Wielkanoc\u0105, a tak\u017ce w dwie niedziele przed \u015awi\u0119tami Bo\u017cego Narodzenia<\/strong>. W Wigili\u0119 i Wielk\u0105 Sobot\u0119 sklepy b\u0119d\u0105 czynne do godziny 14:00.<\/p>\n<p>Dodatkowo, w 2020 r. handlowa\u0107 b\u0119dzie mo\u017cna r\u00f3wnie\u017c w ostatnie niedziele stycznia, kwietnia, czerwca i sierpnia.<\/p>\n<h2>Podmioty wy\u0142\u0105czone z zakazu<\/h2>\n<p>Na li\u015bcie podmiot\u00f3w wy\u0142\u0105czonych z zakazu handlu znajduj\u0105 si\u0119 na m.in.:<\/p>\n<ul>\n<li>apteki,<\/li>\n<li>piekarnie, cukiernie, lodziarnie,<\/li>\n<li>ma\u0142e, osiedlowe sklepy pod warunkiem, \u017ce za lad\u0105 stoi ich w\u0142a\u015bciciel,<\/li>\n<li>sklepy na stacjach benzynowych, dworcach i lotniskach,<\/li>\n<li>sklepy z pami\u0105tkami i dewocjonaliami,<\/li>\n<li>stoiska przy cmentarzach.<\/li>\n<\/ul>\n<p>Poprawka wniesiona przez Sejm <strong>wy\u0142\u0105czy\u0142a z zakazu handlu sklepy internetowe<\/strong>.<\/p>\n<p>Ustawa wywo\u0142uje w tym zakresie wiele pyta\u0144 i niejasno\u015bci. Dla przyk\u0142adu &#8211; spod zakazu handlu w niedziel\u0119 wy\u0142\u0105czono piekarnie, a przecie\u017c wi\u0119kszo\u015b\u0107 supermarket\u00f3w i dyskont\u00f3w prowadzi wypiek pieczywa na miejscu. Czy w takim przypadku sklepy te b\u0119d\u0105 mog\u0142y handlowa\u0107 bez ogranicze\u0144?<\/p>\n<h2>Grzywna za z\u0142amanie zakazu handlu<\/h2>\n<p>Za z\u0142amanie zakazu handlu w niedziel\u0119 Ustawa przewiduje <strong>kar\u0119 grzywny w wysoko\u015bci od 1 tys. z\u0142 do 100 tys. z\u0142<\/strong>.<\/p>\n<h2>Proces legislacyjny<\/h2>\n<p>Projekt ustawy trafi\u0142 do Sejmu we wrze\u015bniu 2016 roku jako inicjatywa obywatelska autorstwa Komitetu Inicjatywy Ustawodawczej, w kt\u00f3rego sk\u0142ad wchodzi mi\u0119dzy innymi NSZZ &#8222;Solidarno\u015b\u0107&#8221;. W trakcie prac nad ustaw\u0105 przyj\u0119to szereg poprawek.<\/p>\n<p><strong>G\u0142osowanie w Sejmie odby\u0142o si\u0119 24 listopada 2017 r<\/strong>. Za przyj\u0119ciem Ustawy g\u0142osowa\u0142o 254 pos\u0142\u00f3w (g\u0142\u00f3wnie PiS i Kukiz\u201915), przeciw by\u0142o 156 pos\u0142\u00f3w (g\u0142\u00f3wnie z PO i .Nowoczesnej), 23 wstrzyma\u0142o si\u0119 od g\u0142osu. Ustawa zostanie przekazana do Senatu &#8211; je\u015bli tu nie b\u0119dzie \u017cadnych poprawek trafi do podpisu Prezydenta.<\/p>\n<p>Przebieg procesu legislacyjnego mo\u017cna analizowa\u0107 pod tym linkiem: <a href=\"http:\/\/www.sejm.gov.pl\/sejm8.nsf\/PrzebiegProc.xsp?nr=870\" target=\"_blank\" rel=\"noopener\">LINK<\/a><\/p>\n<p>Foto: Unsplash.com \/ Heidi Sandstrom<\/p>\n","protected":false},"excerpt":{"rendered":"<p>To ju\u017c pewne, Sejm uchwali\u0142 ustaw\u0119 ograniczaj\u0105c\u0105 handel w niedziel\u0119. Zakaz b\u0119dzie wprowadzany stopniowo &#8211; od 1 marca 2018 r. tylko dwie niedziele w miesi\u0105cu b\u0119d\u0105 handlowe (pierwsza i ostatnia). Od 2019 r. handel b\u0119dzie dozwolony tylko w ostatni\u0105 niedziel\u0119 [&hellip;]<\/p>\n","protected":false},"author":1,"featured_media":1645,"comment_status":"open","ping_status":"open","sticky":false,"template":"","format":"standard","meta":{"footnotes":""},"categories":[6],"tags":[26],"class_list":["post-1643","post","type-post","status-publish","format-standard","has-post-thumbnail","hentry","category-aktualnosci","tag-rynek-nieruchomosci"],"aioseo_notices":[],"_links":{"self":[{"href":"https:\/\/ksiegiwieczyste.pl\/czytaj\/wp-json\/wp\/v2\/posts\/1643","targetHints":{"allow":["GET"]}}],"collection":[{"href":"https:\/\/ksiegiwieczyste.pl\/czytaj\/wp-json\/wp\/v2\/posts"}],"about":[{"href":"https:\/\/ksiegiwieczyste.pl\/czytaj\/wp-json\/wp\/v2\/types\/post"}],"author":[{"embeddable":true,"href":"https:\/\/ksiegiwieczyste.pl\/czytaj\/wp-json\/wp\/v2\/users\/1"}],"replies":[{"embeddable":true,"href":"https:\/\/ksiegiwieczyste.pl\/czytaj\/wp-json\/wp\/v2\/comments?post=1643"}],"version-history":[{"count":3,"href":"https:\/\/ksiegiwieczyste.pl\/czytaj\/wp-json\/wp\/v2\/posts\/1643\/revisions"}],"predecessor-version":[{"id":1648,"href":"https:\/\/ksiegiwieczyste.pl\/czytaj\/wp-json\/wp\/v2\/posts\/1643\/revisions\/1648"}],"wp:featuredmedia":[{"embeddable":true,"href":"https:\/\/ksiegiwieczyste.pl\/czytaj\/wp-json\/wp\/v2\/media\/1645"}],"wp:attachment":[{"href":"https:\/\/ksiegiwieczyste.pl\/czytaj\/wp-json\/wp\/v2\/media?parent=1643"}],"wp:term":[{"taxonomy":"category","embeddable":true,"href":"https:\/\/ksiegiwieczyste.pl\/czytaj\/wp-json\/wp\/v2\/categories?post=1643"},{"taxonomy":"post_tag","embeddable":true,"href":"https:\/\/ksiegiwieczyste.pl\/czytaj\/wp-json\/wp\/v2\/tags?post=1643"}],"curies":[{"name":"wp","href":"https:\/\/api.w.org\/{rel}","templated":true}]}}