{"id":1622,"date":"2017-11-09T19:19:21","date_gmt":"2017-11-09T18:19:21","guid":{"rendered":"http:\/\/ksiegi-wieczyste.org\/?p=1622"},"modified":"2017-11-09T19:19:21","modified_gmt":"2017-11-09T18:19:21","slug":"rzad-planuje-wprowadzic-minimalna-powierzchnie-mieszkania","status":"publish","type":"post","link":"https:\/\/ksiegiwieczyste.pl\/czytaj\/rzad-planuje-wprowadzic-minimalna-powierzchnie-mieszkania\/","title":{"rendered":"Rz\u0105d planuje wprowadzi\u0107 minimaln\u0105 powierzchni\u0119 mieszkania"},"content":{"rendered":"<p><strong>25 m kw.<\/strong> &#8211; tyle wed\u0142ug projektu rozporz\u0105dzenia Ministerstwa Infrastruktury i Budownictwa powinna wynosi\u0107 <strong>minimalna powierzchnia mieszkania<\/strong>. Dlaczego akurat tyle? Wed\u0142ug analiz MIB 25 m kw. to \u015brednia powierzchnia u\u017cytkowa mieszkania w Polsce.<\/p>\n<p><!--more--><\/p>\n<p style=\"text-align: center;\"><a href=\"https:\/\/ksiegiwieczyste.pl?ref=partner_4311\" target=\"_blank\" rel=\"nofollow noopener\">Ksi\u0119gi Wieczyste Online &#8211; znajd\u017a po adresie lub numerze dzia\u0142ki<\/a><\/p>\n<h2>Mikro-mieszkania s\u0105 potrzebne<\/h2>\n<p>Polski Zwi\u0105zek Firm Deweloperskich (PZFD) otwarcie krytykuje pomys\u0142 Ministerstwa, podkre\u015blaj\u0105c, \u017ce <strong>odg\u00f3rne narzucanie minimalnej powierzchni mieszkania <\/strong>(co najmniej 25 metr\u00f3w kwadratowych), nie ma logicznego uzasadnienia. Szczeg\u00f3lnie w sytuacji, gdy <strong>lokale o mniejszej ni\u017c ta powierzchni kupowane s\u0105 bardzo ch\u0119tnie<\/strong>.<\/p>\n<p>Mniejszy metra\u017c mieszkania to oczywi\u015bcie mniejszy koszt zakupu takiego lokum. <strong>Mikro-mieszkania s\u0105 zatem szczeg\u00f3lnie atrakcyjne dla ludzi m\u0142odych<\/strong>, kt\u00f3rzy zamiast ponoszenia op\u0142at najmu wol\u0105 zainwestowa\u0107 we w\u0142asn\u0105 nieruchomo\u015b\u0107. To samo w sytuacji rodzic\u00f3w, kt\u00f3rzy posy\u0142aj\u0105 dziecko na studia &#8211; w\u015br\u00f3d nich s\u0105 te\u017c tacy, kt\u00f3rzy preferuj\u0105 kupno ma\u0142ego lokum od kilkuletniego p\u0142acenia za wynajem mieszkania czy te\u017c tylko jednego pokoju.<\/p>\n<p style=\"text-align: center;\">Przeczytaj tak\u017ce: <a href=\"https:\/\/ksiegi-wieczyste.org\/od-2018-wzrosnie-podatek-od-najmu-prywatnego\/\" target=\"_blank\" rel=\"noopener\">Od 2018 r. wzro\u015bnie podatek od najmu prywatnego<\/a><\/p>\n<p>PZFD argumentuje r\u00f3wnie\u017c, \u017ce <strong>ograniczenie dost\u0119pu do zakupu kilkunastometrowych lokali jest sprzeczne z polityk\u0105 wspierania m\u0142odych Polak\u00f3w<\/strong> (m.in. przez programy typu Mieszkanie dla M\u0142odych czy Mieszkanie Plus), kt\u00f3rych nie sta\u0107 na zakup wi\u0119kszego mieszkania.<\/p>\n<p>Deweloperzy pozytywnie oceniaj\u0105 dzia\u0142ania Ministerstwa zmierzaj\u0105ce do zmiany nie\u017cyciowych na dzie\u0144 dzisiejszy przepis\u00f3w (np. zakaz stosowania aneksu kuchennego w pokoju, czy te\u017c konieczno\u015b\u0107 umieszczania pod\u0142\u0105cze\u0144 na pralk\u0119 w \u0142azience). Apeluje jednak, aby zapis o minimalnej powierzchni mieszkania zosta\u0142 wykre\u015blony z tre\u015bci rozporz\u0105dzenia. To <strong>kupuj\u0105cy powinni sami decydowa\u0107, jaki metra\u017c mieszkania zapewni im komfort \u017cycia<\/strong>.<\/p>\n<p>Czas poka\u017ce, czy resort budownictwa uwzgl\u0119dni ten apel. Zapowiadane <strong>zmiany powinny obowi\u0105zywa\u0107 od stycznia 2018 r., ale to te\u017c jeszcze nie jest przes\u0105dzone<\/strong>.<\/p>\n<p>\u0179r\u00f3d\u0142o: PAP, PulsBiznesu.pl<\/p>\n<p>Foto: Unsplash.com<\/p>\n","protected":false},"excerpt":{"rendered":"<p>25 m kw. &#8211; tyle wed\u0142ug projektu rozporz\u0105dzenia Ministerstwa Infrastruktury i Budownictwa powinna wynosi\u0107 minimalna powierzchnia mieszkania. Dlaczego akurat tyle? Wed\u0142ug analiz MIB 25 m kw. to \u015brednia powierzchnia u\u017cytkowa mieszkania w Polsce.<\/p>\n","protected":false},"author":1,"featured_media":1624,"comment_status":"open","ping_status":"open","sticky":false,"template":"","format":"standard","meta":{"footnotes":""},"categories":[6],"tags":[26],"class_list":["post-1622","post","type-post","status-publish","format-standard","has-post-thumbnail","hentry","category-aktualnosci","tag-rynek-nieruchomosci"],"aioseo_notices":[],"_links":{"self":[{"href":"https:\/\/ksiegiwieczyste.pl\/czytaj\/wp-json\/wp\/v2\/posts\/1622","targetHints":{"allow":["GET"]}}],"collection":[{"href":"https:\/\/ksiegiwieczyste.pl\/czytaj\/wp-json\/wp\/v2\/posts"}],"about":[{"href":"https:\/\/ksiegiwieczyste.pl\/czytaj\/wp-json\/wp\/v2\/types\/post"}],"author":[{"embeddable":true,"href":"https:\/\/ksiegiwieczyste.pl\/czytaj\/wp-json\/wp\/v2\/users\/1"}],"replies":[{"embeddable":true,"href":"https:\/\/ksiegiwieczyste.pl\/czytaj\/wp-json\/wp\/v2\/comments?post=1622"}],"version-history":[{"count":1,"href":"https:\/\/ksiegiwieczyste.pl\/czytaj\/wp-json\/wp\/v2\/posts\/1622\/revisions"}],"predecessor-version":[{"id":1625,"href":"https:\/\/ksiegiwieczyste.pl\/czytaj\/wp-json\/wp\/v2\/posts\/1622\/revisions\/1625"}],"wp:featuredmedia":[{"embeddable":true,"href":"https:\/\/ksiegiwieczyste.pl\/czytaj\/wp-json\/wp\/v2\/media\/1624"}],"wp:attachment":[{"href":"https:\/\/ksiegiwieczyste.pl\/czytaj\/wp-json\/wp\/v2\/media?parent=1622"}],"wp:term":[{"taxonomy":"category","embeddable":true,"href":"https:\/\/ksiegiwieczyste.pl\/czytaj\/wp-json\/wp\/v2\/categories?post=1622"},{"taxonomy":"post_tag","embeddable":true,"href":"https:\/\/ksiegiwieczyste.pl\/czytaj\/wp-json\/wp\/v2\/tags?post=1622"}],"curies":[{"name":"wp","href":"https:\/\/api.w.org\/{rel}","templated":true}]}}